{"id":2420,"date":"2022-08-30T07:49:22","date_gmt":"2022-08-30T07:49:22","guid":{"rendered":"https:\/\/vsputzleinsdorf.at\/?p=2420"},"modified":"2022-08-30T07:58:20","modified_gmt":"2022-08-30T07:58:20","slug":"erinnerungen-an-unser-sonnenfest-2022","status":"publish","type":"post","link":"https:\/\/vsputzleinsdorf.at\/?p=2420","title":{"rendered":"Erinnerungen an unser Sonnenfest 2022"},"content":{"rendered":"\n<p>Alle Beitr\u00e4ge unseres Schulfestes am 24. Juni 2022 standen unter dem Motto &#8222;Sonne&#8220;. F\u00fcr den Schulgarten geplant, musste das Fest kurzerhand ins Vitum (Pfarrheim) verlegt werden und tats\u00e4chlich \u00f6ffnete der Himmel eine halbe Stunde vor Beginn seine Schleusen und es sch\u00fcttete wie aus Eimern. Wir lie\u00dfen uns dadurch gar nicht drausbringen und feierten ein tolles, fr\u00f6hliches Fest der Gemeinschaft. Sogar das geplante &#8222;Sonnwendfeuer&#8220; konnte dann noch stattfinden, wenngleich das nasse Holz nicht sehr &#8222;brennfreudig&#8220; war. <br>Allen Kindern und unseren G\u00e4sten war die Freude \u00fcber das erste Schulfest seit drei Jahren ins Gesicht geschrieben.<br>(Fotos Michael H\u00f6glinger)<\/p>\n\n\n<div class=\"sgdg-gallery-container\" data-sgdg-hash=\"bad8175281b3440fe1f02af17c75fef9281ae6ca8bbfa7176420c73efd4e4bc7\"><div class=\"sgdg-loading\"><div><\/div><\/div><\/div>","protected":false},"excerpt":{"rendered":"<p>Alle Beitr\u00e4ge unseres Schulfestes am 24. Juni 2022 standen unter dem Motto &#8222;Sonne&#8220;. F\u00fcr den Schulgarten geplant, musste das Fest kurzerhand ins Vitum (Pfarrheim) verlegt werden und tats\u00e4chlich \u00f6ffnete der Himmel eine halbe Stunde vor Beginn seine Schleusen und es sch\u00fcttete wie aus Eimern. Wir lie\u00dfen uns dadurch gar nicht drausbringen und feierten ein tolles, fr\u00f6hliches Fest der Gemeinschaft. Sogar<\/p>\n<p><a class=\"more-link\" href=\"https:\/\/vsputzleinsdorf.at\/?p=2420\">Weiterlesen<\/a><\/p>\n","protected":false},"author":1,"featured_media":2371,"comment_status":"closed","ping_status":"closed","sticky":false,"template":"","format":"standard","meta":{"_uag_custom_page_level_css":"","footnotes":""},"categories":[1],"tags":[],"class_list":["post-2420","post","type-post","status-publish","format-standard","has-post-thumbnail","hentry","category-uncategorized"],"uagb_featured_image_src":{"full":["https:\/\/vsputzleinsdorf.at\/wp-content\/uploads\/2022\/06\/IMG_6108-scaled-e1656261639252.jpg",2560,1184,false],"thumbnail":["https:\/\/vsputzleinsdorf.at\/wp-content\/uploads\/2022\/06\/IMG_6108-scaled-e1656261639252-150x150.jpg",150,150,true],"medium":["https:\/\/vsputzleinsdorf.at\/wp-content\/uploads\/2022\/06\/IMG_6108-scaled-e1656261639252-300x139.jpg",300,139,true],"medium_large":["https:\/\/vsputzleinsdorf.at\/wp-content\/uploads\/2022\/06\/IMG_6108-scaled-e1656261639252-768x355.jpg",768,355,true],"large":["https:\/\/vsputzleinsdorf.at\/wp-content\/uploads\/2022\/06\/IMG_6108-scaled-e1656261639252-1024x474.jpg",1024,474,true],"1536x1536":["https:\/\/vsputzleinsdorf.at\/wp-content\/uploads\/2022\/06\/IMG_6108-scaled-e1656261639252-1536x710.jpg",1536,710,true],"2048x2048":["https:\/\/vsputzleinsdorf.at\/wp-content\/uploads\/2022\/06\/IMG_6108-scaled-e1656261639252-2048x947.jpg",2048,947,true],"post-thumbnail":["https:\/\/vsputzleinsdorf.at\/wp-content\/uploads\/2022\/06\/IMG_6108-scaled-e1656261639252-800x370.jpg",800,370,true],"agama-blog-large":["https:\/\/vsputzleinsdorf.at\/wp-content\/uploads\/2022\/06\/IMG_6108-scaled-e1656261639252-776x310.jpg",776,310,true],"agama-blog-medium":["https:\/\/vsputzleinsdorf.at\/wp-content\/uploads\/2022\/06\/IMG_6108-scaled-e1656261639252-320x202.jpg",320,202,true],"agama-blog-small":["https:\/\/vsputzleinsdorf.at\/wp-content\/uploads\/2022\/06\/IMG_6108-scaled-e1656261639252-400x300.jpg",400,300,true],"agama-related-img":["https:\/\/vsputzleinsdorf.at\/wp-content\/uploads\/2022\/06\/IMG_6108-scaled-e1656261639252-180x138.jpg",180,138,true],"agama-recent-posts":["https:\/\/vsputzleinsdorf.at\/wp-content\/uploads\/2022\/06\/IMG_6108-scaled-e1656261639252-700x441.jpg",700,441,true]},"uagb_author_info":{"display_name":"admin","author_link":"https:\/\/vsputzleinsdorf.at\/?author=1"},"uagb_comment_info":0,"uagb_excerpt":"Alle Beitr\u00e4ge unseres Schulfestes am 24. Juni 2022 standen unter dem Motto &#8222;Sonne&#8220;. F\u00fcr den Schulgarten geplant, musste das Fest kurzerhand ins Vitum (Pfarrheim) verlegt werden und tats\u00e4chlich \u00f6ffnete der Himmel eine halbe Stunde vor Beginn seine Schleusen und es sch\u00fcttete wie aus Eimern. Wir lie\u00dfen uns dadurch gar nicht drausbringen und feierten ein tolles,&hellip;","_links":{"self":[{"href":"https:\/\/vsputzleinsdorf.at\/index.php?rest_route=\/wp\/v2\/posts\/2420","targetHints":{"allow":["GET"]}}],"collection":[{"href":"https:\/\/vsputzleinsdorf.at\/index.php?rest_route=\/wp\/v2\/posts"}],"about":[{"href":"https:\/\/vsputzleinsdorf.at\/index.php?rest_route=\/wp\/v2\/types\/post"}],"author":[{"embeddable":true,"href":"https:\/\/vsputzleinsdorf.at\/index.php?rest_route=\/wp\/v2\/users\/1"}],"replies":[{"embeddable":true,"href":"https:\/\/vsputzleinsdorf.at\/index.php?rest_route=%2Fwp%2Fv2%2Fcomments&post=2420"}],"version-history":[{"count":4,"href":"https:\/\/vsputzleinsdorf.at\/index.php?rest_route=\/wp\/v2\/posts\/2420\/revisions"}],"predecessor-version":[{"id":2426,"href":"https:\/\/vsputzleinsdorf.at\/index.php?rest_route=\/wp\/v2\/posts\/2420\/revisions\/2426"}],"wp:featuredmedia":[{"embeddable":true,"href":"https:\/\/vsputzleinsdorf.at\/index.php?rest_route=\/wp\/v2\/media\/2371"}],"wp:attachment":[{"href":"https:\/\/vsputzleinsdorf.at\/index.php?rest_route=%2Fwp%2Fv2%2Fmedia&parent=2420"}],"wp:term":[{"taxonomy":"category","embeddable":true,"href":"https:\/\/vsputzleinsdorf.at\/index.php?rest_route=%2Fwp%2Fv2%2Fcategories&post=2420"},{"taxonomy":"post_tag","embeddable":true,"href":"https:\/\/vsputzleinsdorf.at\/index.php?rest_route=%2Fwp%2Fv2%2Ftags&post=2420"}],"curies":[{"name":"wp","href":"https:\/\/api.w.org\/{rel}","templated":true}]}}