{"id":2532,"date":"2022-12-16T11:05:26","date_gmt":"2022-12-16T11:05:26","guid":{"rendered":"https:\/\/vsputzleinsdorf.at\/?p=2532"},"modified":"2022-12-16T11:05:53","modified_gmt":"2022-12-16T11:05:53","slug":"besuch-beim-buergermeister-2","status":"publish","type":"post","link":"https:\/\/vsputzleinsdorf.at\/?p=2532","title":{"rendered":"Besuch beim B\u00fcrgermeister"},"content":{"rendered":"\n<p>Die 3. Klasse interessierte sich f\u00fcr die Arbeit des B\u00fcrgermeisters, die Aufgaben der Gemeinde und des Gemeindeamtes. Daher statteten sie BGM Bernhard Fenk einen Besuch ab und l\u00f6cherten ihn mit Fragen. Fr\u00fch \u00fcbt sich, was ein t\u00fcchtiger Gemeindrat werden will.<\/p>\n\n\n<div class=\"sgdg-gallery-container\" data-sgdg-hash=\"4b97a5d062fe17eafda4adb8fd379fe635f6cc10b16a45c440b63f4d0785117a\"><div class=\"sgdg-loading\"><div><\/div><\/div><\/div>","protected":false},"excerpt":{"rendered":"<p>Die 3. Klasse interessierte sich f\u00fcr die Arbeit des B\u00fcrgermeisters, die Aufgaben der Gemeinde und des Gemeindeamtes. Daher statteten sie BGM Bernhard Fenk einen Besuch ab und l\u00f6cherten ihn mit Fragen. Fr\u00fch \u00fcbt sich, was ein t\u00fcchtiger Gemeindrat werden will.<\/p>\n","protected":false},"author":1,"featured_media":2533,"comment_status":"closed","ping_status":"closed","sticky":false,"template":"","format":"standard","meta":{"_uag_custom_page_level_css":"","footnotes":""},"categories":[1],"tags":[],"class_list":["post-2532","post","type-post","status-publish","format-standard","has-post-thumbnail","hentry","category-uncategorized"],"uagb_featured_image_src":{"full":["https:\/\/vsputzleinsdorf.at\/wp-content\/uploads\/2022\/12\/2022_12_16_besuch-beim-buergermeister-5-scaled-e1671188713823.jpg",2560,979,false],"thumbnail":["https:\/\/vsputzleinsdorf.at\/wp-content\/uploads\/2022\/12\/2022_12_16_besuch-beim-buergermeister-5-scaled-e1671188713823-150x150.jpg",150,150,true],"medium":["https:\/\/vsputzleinsdorf.at\/wp-content\/uploads\/2022\/12\/2022_12_16_besuch-beim-buergermeister-5-scaled-e1671188713823-300x115.jpg",300,115,true],"medium_large":["https:\/\/vsputzleinsdorf.at\/wp-content\/uploads\/2022\/12\/2022_12_16_besuch-beim-buergermeister-5-scaled-e1671188713823-768x294.jpg",768,294,true],"large":["https:\/\/vsputzleinsdorf.at\/wp-content\/uploads\/2022\/12\/2022_12_16_besuch-beim-buergermeister-5-scaled-e1671188713823-1024x392.jpg",1024,392,true],"1536x1536":["https:\/\/vsputzleinsdorf.at\/wp-content\/uploads\/2022\/12\/2022_12_16_besuch-beim-buergermeister-5-scaled-e1671188713823-1536x587.jpg",1536,587,true],"2048x2048":["https:\/\/vsputzleinsdorf.at\/wp-content\/uploads\/2022\/12\/2022_12_16_besuch-beim-buergermeister-5-scaled-e1671188713823-2048x783.jpg",2048,783,true],"post-thumbnail":["https:\/\/vsputzleinsdorf.at\/wp-content\/uploads\/2022\/12\/2022_12_16_besuch-beim-buergermeister-5-scaled-e1671188713823-800x306.jpg",800,306,true],"agama-blog-large":["https:\/\/vsputzleinsdorf.at\/wp-content\/uploads\/2022\/12\/2022_12_16_besuch-beim-buergermeister-5-scaled-e1671188713823-776x310.jpg",776,310,true],"agama-blog-medium":["https:\/\/vsputzleinsdorf.at\/wp-content\/uploads\/2022\/12\/2022_12_16_besuch-beim-buergermeister-5-scaled-e1671188713823-320x202.jpg",320,202,true],"agama-blog-small":["https:\/\/vsputzleinsdorf.at\/wp-content\/uploads\/2022\/12\/2022_12_16_besuch-beim-buergermeister-5-scaled-e1671188713823-400x300.jpg",400,300,true],"agama-related-img":["https:\/\/vsputzleinsdorf.at\/wp-content\/uploads\/2022\/12\/2022_12_16_besuch-beim-buergermeister-5-scaled-e1671188713823-180x138.jpg",180,138,true],"agama-recent-posts":["https:\/\/vsputzleinsdorf.at\/wp-content\/uploads\/2022\/12\/2022_12_16_besuch-beim-buergermeister-5-scaled-e1671188713823-700x441.jpg",700,441,true]},"uagb_author_info":{"display_name":"admin","author_link":"https:\/\/vsputzleinsdorf.at\/?author=1"},"uagb_comment_info":0,"uagb_excerpt":"Die 3. Klasse interessierte sich f\u00fcr die Arbeit des B\u00fcrgermeisters, die Aufgaben der Gemeinde und des Gemeindeamtes. Daher statteten sie BGM Bernhard Fenk einen Besuch ab und l\u00f6cherten ihn mit Fragen. Fr\u00fch \u00fcbt sich, was ein t\u00fcchtiger Gemeindrat werden will.","_links":{"self":[{"href":"https:\/\/vsputzleinsdorf.at\/index.php?rest_route=\/wp\/v2\/posts\/2532","targetHints":{"allow":["GET"]}}],"collection":[{"href":"https:\/\/vsputzleinsdorf.at\/index.php?rest_route=\/wp\/v2\/posts"}],"about":[{"href":"https:\/\/vsputzleinsdorf.at\/index.php?rest_route=\/wp\/v2\/types\/post"}],"author":[{"embeddable":true,"href":"https:\/\/vsputzleinsdorf.at\/index.php?rest_route=\/wp\/v2\/users\/1"}],"replies":[{"embeddable":true,"href":"https:\/\/vsputzleinsdorf.at\/index.php?rest_route=%2Fwp%2Fv2%2Fcomments&post=2532"}],"version-history":[{"count":2,"href":"https:\/\/vsputzleinsdorf.at\/index.php?rest_route=\/wp\/v2\/posts\/2532\/revisions"}],"predecessor-version":[{"id":2535,"href":"https:\/\/vsputzleinsdorf.at\/index.php?rest_route=\/wp\/v2\/posts\/2532\/revisions\/2535"}],"wp:featuredmedia":[{"embeddable":true,"href":"https:\/\/vsputzleinsdorf.at\/index.php?rest_route=\/wp\/v2\/media\/2533"}],"wp:attachment":[{"href":"https:\/\/vsputzleinsdorf.at\/index.php?rest_route=%2Fwp%2Fv2%2Fmedia&parent=2532"}],"wp:term":[{"taxonomy":"category","embeddable":true,"href":"https:\/\/vsputzleinsdorf.at\/index.php?rest_route=%2Fwp%2Fv2%2Fcategories&post=2532"},{"taxonomy":"post_tag","embeddable":true,"href":"https:\/\/vsputzleinsdorf.at\/index.php?rest_route=%2Fwp%2Fv2%2Ftags&post=2532"}],"curies":[{"name":"wp","href":"https:\/\/api.w.org\/{rel}","templated":true}]}}