{"id":2694,"date":"2023-04-08T10:42:45","date_gmt":"2023-04-08T10:42:45","guid":{"rendered":"https:\/\/vsputzleinsdorf.at\/?p=2694"},"modified":"2023-04-08T10:43:08","modified_gmt":"2023-04-08T10:43:08","slug":"osterkommuniontag-2023","status":"publish","type":"post","link":"https:\/\/vsputzleinsdorf.at\/?p=2694","title":{"rendered":"Osterkommuniontag 2023"},"content":{"rendered":"\n<p>Nach der Hl. Messe, die unter dem Motto &#8222;Das Kreuz als Zeichen der Hoffnung&#8220; stand, erlebten die Kinder der 1. und 2. Klasse einen interessanten Projektvormittag und die Gro\u00dfen ein Konzert der Milit\u00e4rmusik O\u00d6 in Lembach.<\/p>\n\n\n<div class=\"sgdg-gallery-container\" data-sgdg-hash=\"93e7c5291f445da3c3896be761ad6252762329dc18b3a2bd6942262b0f318802\"><div class=\"sgdg-loading\"><div><\/div><\/div><\/div>","protected":false},"excerpt":{"rendered":"<p>Nach der Hl. Messe, die unter dem Motto &#8222;Das Kreuz als Zeichen der Hoffnung&#8220; stand, erlebten die Kinder der 1. und 2. Klasse einen interessanten Projektvormittag und die Gro\u00dfen ein Konzert der Milit\u00e4rmusik O\u00d6 in Lembach.<\/p>\n","protected":false},"author":1,"featured_media":2695,"comment_status":"closed","ping_status":"closed","sticky":false,"template":"","format":"standard","meta":{"_uag_custom_page_level_css":"","footnotes":""},"categories":[1],"tags":[],"class_list":["post-2694","post","type-post","status-publish","format-standard","has-post-thumbnail","hentry","category-uncategorized"],"uagb_featured_image_src":{"full":["https:\/\/vsputzleinsdorf.at\/wp-content\/uploads\/2023\/04\/2023_03_30_osterkommuniontag-1-scaled-e1680950540209.jpg",2560,1113,false],"thumbnail":["https:\/\/vsputzleinsdorf.at\/wp-content\/uploads\/2023\/04\/2023_03_30_osterkommuniontag-1-scaled-e1680950540209-150x150.jpg",150,150,true],"medium":["https:\/\/vsputzleinsdorf.at\/wp-content\/uploads\/2023\/04\/2023_03_30_osterkommuniontag-1-scaled-e1680950540209-300x130.jpg",300,130,true],"medium_large":["https:\/\/vsputzleinsdorf.at\/wp-content\/uploads\/2023\/04\/2023_03_30_osterkommuniontag-1-scaled-e1680950540209-768x334.jpg",768,334,true],"large":["https:\/\/vsputzleinsdorf.at\/wp-content\/uploads\/2023\/04\/2023_03_30_osterkommuniontag-1-scaled-e1680950540209-1024x445.jpg",1024,445,true],"1536x1536":["https:\/\/vsputzleinsdorf.at\/wp-content\/uploads\/2023\/04\/2023_03_30_osterkommuniontag-1-scaled-e1680950540209-1536x668.jpg",1536,668,true],"2048x2048":["https:\/\/vsputzleinsdorf.at\/wp-content\/uploads\/2023\/04\/2023_03_30_osterkommuniontag-1-scaled-e1680950540209-2048x890.jpg",2048,890,true],"post-thumbnail":["https:\/\/vsputzleinsdorf.at\/wp-content\/uploads\/2023\/04\/2023_03_30_osterkommuniontag-1-scaled-e1680950540209-800x348.jpg",800,348,true],"agama-blog-large":["https:\/\/vsputzleinsdorf.at\/wp-content\/uploads\/2023\/04\/2023_03_30_osterkommuniontag-1-scaled-e1680950540209-776x310.jpg",776,310,true],"agama-blog-medium":["https:\/\/vsputzleinsdorf.at\/wp-content\/uploads\/2023\/04\/2023_03_30_osterkommuniontag-1-scaled-e1680950540209-320x202.jpg",320,202,true],"agama-blog-small":["https:\/\/vsputzleinsdorf.at\/wp-content\/uploads\/2023\/04\/2023_03_30_osterkommuniontag-1-scaled-e1680950540209-400x300.jpg",400,300,true],"agama-related-img":["https:\/\/vsputzleinsdorf.at\/wp-content\/uploads\/2023\/04\/2023_03_30_osterkommuniontag-1-scaled-e1680950540209-180x138.jpg",180,138,true],"agama-recent-posts":["https:\/\/vsputzleinsdorf.at\/wp-content\/uploads\/2023\/04\/2023_03_30_osterkommuniontag-1-scaled-e1680950540209-700x441.jpg",700,441,true]},"uagb_author_info":{"display_name":"admin","author_link":"https:\/\/vsputzleinsdorf.at\/?author=1"},"uagb_comment_info":0,"uagb_excerpt":"Nach der Hl. Messe, die unter dem Motto &#8222;Das Kreuz als Zeichen der Hoffnung&#8220; stand, erlebten die Kinder der 1. und 2. Klasse einen interessanten Projektvormittag und die Gro\u00dfen ein Konzert der Milit\u00e4rmusik O\u00d6 in Lembach.","_links":{"self":[{"href":"https:\/\/vsputzleinsdorf.at\/index.php?rest_route=\/wp\/v2\/posts\/2694","targetHints":{"allow":["GET"]}}],"collection":[{"href":"https:\/\/vsputzleinsdorf.at\/index.php?rest_route=\/wp\/v2\/posts"}],"about":[{"href":"https:\/\/vsputzleinsdorf.at\/index.php?rest_route=\/wp\/v2\/types\/post"}],"author":[{"embeddable":true,"href":"https:\/\/vsputzleinsdorf.at\/index.php?rest_route=\/wp\/v2\/users\/1"}],"replies":[{"embeddable":true,"href":"https:\/\/vsputzleinsdorf.at\/index.php?rest_route=%2Fwp%2Fv2%2Fcomments&post=2694"}],"version-history":[{"count":2,"href":"https:\/\/vsputzleinsdorf.at\/index.php?rest_route=\/wp\/v2\/posts\/2694\/revisions"}],"predecessor-version":[{"id":2697,"href":"https:\/\/vsputzleinsdorf.at\/index.php?rest_route=\/wp\/v2\/posts\/2694\/revisions\/2697"}],"wp:featuredmedia":[{"embeddable":true,"href":"https:\/\/vsputzleinsdorf.at\/index.php?rest_route=\/wp\/v2\/media\/2695"}],"wp:attachment":[{"href":"https:\/\/vsputzleinsdorf.at\/index.php?rest_route=%2Fwp%2Fv2%2Fmedia&parent=2694"}],"wp:term":[{"taxonomy":"category","embeddable":true,"href":"https:\/\/vsputzleinsdorf.at\/index.php?rest_route=%2Fwp%2Fv2%2Fcategories&post=2694"},{"taxonomy":"post_tag","embeddable":true,"href":"https:\/\/vsputzleinsdorf.at\/index.php?rest_route=%2Fwp%2Fv2%2Ftags&post=2694"}],"curies":[{"name":"wp","href":"https:\/\/api.w.org\/{rel}","templated":true}]}}