{"id":2698,"date":"2023-04-08T10:50:50","date_gmt":"2023-04-08T10:50:50","guid":{"rendered":"https:\/\/vsputzleinsdorf.at\/?p=2698"},"modified":"2023-04-08T10:59:15","modified_gmt":"2023-04-08T10:59:15","slug":"abschied-von-bernadette-ecker","status":"publish","type":"post","link":"https:\/\/vsputzleinsdorf.at\/?p=2698","title":{"rendered":"Abschied von Bernadette Ecker"},"content":{"rendered":"\n<p>An ihrem letzten Arbeitstag, am Freitag vor den Osterferien, bereiteten Kinder, Eltern und Lehrerkolleg:innen Frau Bernadette Ecker ein ber\u00fchrendes Dank- und Abschiedsfest. In einer bemerkenswerten Ansprache hob Elternvereinsobfrau Tanja M\u00fchlbauer das Engagement und die F\u00fcrsorglichkeit hervor, mit der Frau Ecker 37 Jahre lang an der Volksschule Putzleinsdorf Generationen von Kindern begleitet hat. Schulleiter Karl Lindorfer wies auf die kooperative Einstellung hin, mit der sie sich ins Team eingebracht hat und die Kinder sangen und gaben Gedichte zum Besten.<br>Allen stand der Abschiedsschmerz ins Gesicht geschrieben.<\/p>\n\n\n<div class=\"sgdg-gallery-container\" data-sgdg-hash=\"bd5bf79b6cd372bf23d16e35c80bc7ab841f8c7d49faf68da399f5223dac2054\"><div class=\"sgdg-loading\"><div><\/div><\/div><\/div>","protected":false},"excerpt":{"rendered":"<p>An ihrem letzten Arbeitstag, am Freitag vor den Osterferien, bereiteten Kinder, Eltern und Lehrerkolleg:innen Frau Bernadette Ecker ein ber\u00fchrendes Dank- und Abschiedsfest. In einer bemerkenswerten Ansprache hob Elternvereinsobfrau Tanja M\u00fchlbauer das Engagement und die F\u00fcrsorglichkeit hervor, mit der Frau Ecker 37 Jahre lang an der Volksschule Putzleinsdorf Generationen von Kindern begleitet hat. Schulleiter Karl Lindorfer wies auf die kooperative Einstellung<\/p>\n<p><a class=\"more-link\" href=\"https:\/\/vsputzleinsdorf.at\/?p=2698\">Weiterlesen<\/a><\/p>\n","protected":false},"author":1,"featured_media":2699,"comment_status":"closed","ping_status":"closed","sticky":false,"template":"","format":"standard","meta":{"_uag_custom_page_level_css":"","footnotes":""},"categories":[1],"tags":[],"class_list":["post-2698","post","type-post","status-publish","format-standard","has-post-thumbnail","hentry","category-uncategorized"],"uagb_featured_image_src":{"full":["https:\/\/vsputzleinsdorf.at\/wp-content\/uploads\/2023\/04\/2023_03_31_verabschiedung_bernadette_ecker-57-scaled-e1680951026956.jpg",2560,1049,false],"thumbnail":["https:\/\/vsputzleinsdorf.at\/wp-content\/uploads\/2023\/04\/2023_03_31_verabschiedung_bernadette_ecker-57-scaled-e1680951026956-150x150.jpg",150,150,true],"medium":["https:\/\/vsputzleinsdorf.at\/wp-content\/uploads\/2023\/04\/2023_03_31_verabschiedung_bernadette_ecker-57-scaled-e1680951026956-300x123.jpg",300,123,true],"medium_large":["https:\/\/vsputzleinsdorf.at\/wp-content\/uploads\/2023\/04\/2023_03_31_verabschiedung_bernadette_ecker-57-scaled-e1680951026956-768x315.jpg",768,315,true],"large":["https:\/\/vsputzleinsdorf.at\/wp-content\/uploads\/2023\/04\/2023_03_31_verabschiedung_bernadette_ecker-57-scaled-e1680951026956-1024x420.jpg",1024,420,true],"1536x1536":["https:\/\/vsputzleinsdorf.at\/wp-content\/uploads\/2023\/04\/2023_03_31_verabschiedung_bernadette_ecker-57-scaled-e1680951026956-1536x629.jpg",1536,629,true],"2048x2048":["https:\/\/vsputzleinsdorf.at\/wp-content\/uploads\/2023\/04\/2023_03_31_verabschiedung_bernadette_ecker-57-scaled-e1680951026956-2048x839.jpg",2048,839,true],"post-thumbnail":["https:\/\/vsputzleinsdorf.at\/wp-content\/uploads\/2023\/04\/2023_03_31_verabschiedung_bernadette_ecker-57-scaled-e1680951026956-800x328.jpg",800,328,true],"agama-blog-large":["https:\/\/vsputzleinsdorf.at\/wp-content\/uploads\/2023\/04\/2023_03_31_verabschiedung_bernadette_ecker-57-scaled-e1680951026956-776x310.jpg",776,310,true],"agama-blog-medium":["https:\/\/vsputzleinsdorf.at\/wp-content\/uploads\/2023\/04\/2023_03_31_verabschiedung_bernadette_ecker-57-scaled-e1680951026956-320x202.jpg",320,202,true],"agama-blog-small":["https:\/\/vsputzleinsdorf.at\/wp-content\/uploads\/2023\/04\/2023_03_31_verabschiedung_bernadette_ecker-57-scaled-e1680951026956-400x300.jpg",400,300,true],"agama-related-img":["https:\/\/vsputzleinsdorf.at\/wp-content\/uploads\/2023\/04\/2023_03_31_verabschiedung_bernadette_ecker-57-scaled-e1680951026956-180x138.jpg",180,138,true],"agama-recent-posts":["https:\/\/vsputzleinsdorf.at\/wp-content\/uploads\/2023\/04\/2023_03_31_verabschiedung_bernadette_ecker-57-scaled-e1680951026956-700x441.jpg",700,441,true]},"uagb_author_info":{"display_name":"admin","author_link":"https:\/\/vsputzleinsdorf.at\/?author=1"},"uagb_comment_info":0,"uagb_excerpt":"An ihrem letzten Arbeitstag, am Freitag vor den Osterferien, bereiteten Kinder, Eltern und Lehrerkolleg:innen Frau Bernadette Ecker ein ber\u00fchrendes Dank- und Abschiedsfest. In einer bemerkenswerten Ansprache hob Elternvereinsobfrau Tanja M\u00fchlbauer das Engagement und die F\u00fcrsorglichkeit hervor, mit der Frau Ecker 37 Jahre lang an der Volksschule Putzleinsdorf Generationen von Kindern begleitet hat. Schulleiter Karl Lindorfer&hellip;","_links":{"self":[{"href":"https:\/\/vsputzleinsdorf.at\/index.php?rest_route=\/wp\/v2\/posts\/2698","targetHints":{"allow":["GET"]}}],"collection":[{"href":"https:\/\/vsputzleinsdorf.at\/index.php?rest_route=\/wp\/v2\/posts"}],"about":[{"href":"https:\/\/vsputzleinsdorf.at\/index.php?rest_route=\/wp\/v2\/types\/post"}],"author":[{"embeddable":true,"href":"https:\/\/vsputzleinsdorf.at\/index.php?rest_route=\/wp\/v2\/users\/1"}],"replies":[{"embeddable":true,"href":"https:\/\/vsputzleinsdorf.at\/index.php?rest_route=%2Fwp%2Fv2%2Fcomments&post=2698"}],"version-history":[{"count":1,"href":"https:\/\/vsputzleinsdorf.at\/index.php?rest_route=\/wp\/v2\/posts\/2698\/revisions"}],"predecessor-version":[{"id":2700,"href":"https:\/\/vsputzleinsdorf.at\/index.php?rest_route=\/wp\/v2\/posts\/2698\/revisions\/2700"}],"wp:featuredmedia":[{"embeddable":true,"href":"https:\/\/vsputzleinsdorf.at\/index.php?rest_route=\/wp\/v2\/media\/2699"}],"wp:attachment":[{"href":"https:\/\/vsputzleinsdorf.at\/index.php?rest_route=%2Fwp%2Fv2%2Fmedia&parent=2698"}],"wp:term":[{"taxonomy":"category","embeddable":true,"href":"https:\/\/vsputzleinsdorf.at\/index.php?rest_route=%2Fwp%2Fv2%2Fcategories&post=2698"},{"taxonomy":"post_tag","embeddable":true,"href":"https:\/\/vsputzleinsdorf.at\/index.php?rest_route=%2Fwp%2Fv2%2Ftags&post=2698"}],"curies":[{"name":"wp","href":"https:\/\/api.w.org\/{rel}","templated":true}]}}